{"id":15363,"date":"2018-01-30T18:00:19","date_gmt":"2018-01-30T17:00:19","guid":{"rendered":"https:\/\/www.rapalje.com\/?p=15363"},"modified":"2018-01-30T18:00:19","modified_gmt":"2018-01-30T17:00:19","slug":"festival-preview-walpurgisnacht-osteel","status":"publish","type":"post","link":"https:\/\/rapalje.com\/de\/festival-preview-walpurgisnacht-osteel\/","title":{"rendered":"Festival Preview &#8211; Walpurgisnacht Osteel"},"content":{"rendered":"<img loading=\"lazy\" decoding=\"async\" class=\"alignnone size-large wp-image-15364\" src=\"https:\/\/www.rapalje.com\/wp-content\/uploads\/2018\/01\/IMGL2236-982x1024.jpg\" alt=\"\" width=\"640\" height=\"667\" \/><\/p>\n<p>Am 30. April 2018 sind wir im Osteel (DE) f\u00fcr die Walpurgisnacht, bist du auch dabei? <a href=\"http:\/\/meevenburg.de\/\">Tickets gibt es hier<\/a><\/p>\n<p><!--more--><\/p>\n<p>Mitrei\u00dfende Jigs und Reels, gef\u00fchlvolle Balladen und ein Hauch von Heavy Metal geben dir die perfekte M\u00f6glichkeit, f\u00fcr einen Abend aus dem Alltag zu entfliehen.\u00a0Meine Damen und Herren \u2013 lasst uns tanzen!<br \/>\nVor 2.000 Jahren wurden die Kelten vom europ\u00e4ischen Festland vertrieben. Alle Kelten? Nein! Eine Band hat tapfer gegen die Einfl\u00fcsse von moderner Pop- und Rockmusik Widerstand geleistet und fand schlie\u00dflich ihren Platz in der Welt der modernen Musik.<br \/>\nBewaffnet mit nicht mehr als ihren Instrumenten und ihren Stimmen, zieht die Band Rapalje nun auf ihrem Streifzug durch Clubs und S\u00e4le soweit das Ohr reicht, auf der Suche nach \u201eOpfern\u201c, um sie mitzunehmen auf eine musikalische Reise durch schottisches Hochland, irische Ebenen, Tavernen und Herbergen.<\/p>\n<p><a href=\"http:\/\/www.rapalje.com\/nl\/celtic-folk-night\/\">&lt;Klicke hier f\u00fcr eine komplette Celtic Folk Night \u00dcbersicht&gt;<\/a>&gt;<\/p>\n<div class=\"ecs-no-events\">Es sind keine anstehenden Veranstaltungen vorhanden.<\/div>"},"excerpt":{"rendered":"<p>Leider ist der Eintrag nur auf English verf\u00fcgbar.<\/p>\n","protected":false},"author":5,"featured_media":0,"comment_status":"closed","ping_status":"closed","sticky":false,"template":"","format":"standard","meta":{"footnotes":""},"categories":[29,33],"tags":[152,153,218,223,228,230,246,268,327,328,425,428,443,923,967,978,1191,1209,1216,1266,1291],"class_list":["post-15363","post","type-post","status-publish","format-standard","hentry","category-2-tuesday-agenda","category-news","tag-beginning-of-rapalje","tag-beginning-of-the-band","tag-celtic","tag-celtic-fest","tag-celtic-folk","tag-celtic-folk-music","tag-celtic-music","tag-celtica","tag-dieb","tag-dieb-rapalje","tag-folk","tag-folk-band","tag-folk-music","tag-rapalje","tag-rapalje-name","tag-rapalje-show","tag-the-rapalje-show","tag-traditional-folk-music","tag-traditional-music","tag-what-dieb-did-before-rapalje","tag-world-music"],"_links":{"self":[{"href":"https:\/\/rapalje.com\/de\/wp-json\/wp\/v2\/posts\/15363","targetHints":{"allow":["GET"]}}],"collection":[{"href":"https:\/\/rapalje.com\/de\/wp-json\/wp\/v2\/posts"}],"about":[{"href":"https:\/\/rapalje.com\/de\/wp-json\/wp\/v2\/types\/post"}],"author":[{"embeddable":true,"href":"https:\/\/rapalje.com\/de\/wp-json\/wp\/v2\/users\/5"}],"replies":[{"embeddable":true,"href":"https:\/\/rapalje.com\/de\/wp-json\/wp\/v2\/comments?post=15363"}],"version-history":[{"count":0,"href":"https:\/\/rapalje.com\/de\/wp-json\/wp\/v2\/posts\/15363\/revisions"}],"wp:attachment":[{"href":"https:\/\/rapalje.com\/de\/wp-json\/?parent=15363"}],"wp:term":[{"taxonomy":"category","embeddable":true,"href":"https:\/\/rapalje.com\/de\/wp-json\/wp\/v2\/categories?post=15363"},{"taxonomy":"post_tag","embeddable":true,"href":"https:\/\/rapalje.com\/de\/wp-json\/wp\/v2\/tags?post=15363"}],"curies":[{"name":"wp","href":"https:\/\/api.w.org\/{rel}","templated":true}]}}