{"id":17908,"date":"2018-08-08T12:10:54","date_gmt":"2018-08-08T10:10:54","guid":{"rendered":"https:\/\/www.rapalje.com\/?p=17908"},"modified":"2018-08-08T12:10:54","modified_gmt":"2018-08-08T10:10:54","slug":"concert-preview-em2-groningen","status":"publish","type":"post","link":"https:\/\/rapalje.com\/de\/concert-preview-em2-groningen\/","title":{"rendered":"Concert Preview &#8211; EM2 Groningen"},"content":{"rendered":"<img loading=\"lazy\" decoding=\"async\" class=\"alignnone size-large wp-image-7050\" src=\"https:\/\/www.rapalje.com\/wp-content\/uploads\/2017\/07\/IMG_2800-1024x1021.jpg\" alt=\"\" width=\"640\" height=\"638\" \/><\/p>\n<p><img loading=\"lazy\" decoding=\"async\" class=\"alignnone size-large wp-image-17914\" src=\"https:\/\/www.rapalje.com\/wp-content\/uploads\/2018\/07\/EM2-1024x876.jpg\" alt=\"\" width=\"640\" height=\"548\" \/><\/p>\n<p>29.09.2018 sind wir mit unserer Celtic Folk Night im Groningen(NL) bist du auch dabei? <a href=\"https:\/\/yourticketprovider.nl\/events\/24026-live-in-concert-rapalje-support\">Tickets gibt es hier<\/a><\/p>\n<p><!--more--><\/p>\n<p>Mitrei\u00dfende Jigs und Reels, gef\u00fchlvolle Balladen und ein Hauch von Heavy Metal geben dir die perfekte M\u00f6glichkeit, f\u00fcr einen Abend aus dem Alltag zu entfliehen.\u00a0Meine Damen und Herren \u2013 lasst uns tanzen!<br \/>\nVor 2.000 Jahren wurden die Kelten vom europ\u00e4ischen Festland vertrieben. Alle Kelten? Nein! Eine Band hat tapfer gegen die Einfl\u00fcsse von moderner Pop- und Rockmusik Widerstand geleistet und fand schlie\u00dflich ihren Platz in der Welt der modernen Musik.<br \/>\nBewaffnet mit nicht mehr als ihren Instrumenten und ihren Stimmen, zieht die Band Rapalje nun auf ihrem Streifzug durch Clubs und S\u00e4le soweit das Ohr reicht, auf der Suche nach \u201eOpfern\u201c, um sie mitzunehmen auf eine musikalische Reise durch schottisches Hochland, irische Ebenen, Tavernen und Herbergen.<\/p>\n<p><a href=\"http:\/\/www.rapalje.com\/nl\/celtic-folk-night\/\">&lt;Klicke hier f\u00fcr eine komplette Celtic Folk Night \u00dcbersicht&gt;<\/a>&gt;<\/p>\n<div class=\"ecs-no-events\">Es sind keine anstehenden Veranstaltungen vorhanden.<\/div>"},"excerpt":{"rendered":"<p>Leider ist der Eintrag nur auf English verf\u00fcgbar.<\/p>\n","protected":false},"author":5,"featured_media":0,"comment_status":"closed","ping_status":"closed","sticky":false,"template":"","format":"standard","meta":{"footnotes":""},"categories":[29,33],"tags":[125,218,223,228,230,238,246,263,443,633,731,923,978,1061],"class_list":["post-17908","post","type-post","status-publish","format-standard","hentry","category-2-tuesday-agenda","category-news","tag-bagpipes","tag-celtic","tag-celtic-fest","tag-celtic-folk","tag-celtic-folk-music","tag-celtic-folk-night","tag-celtic-music","tag-celtic-song","tag-folk-music","tag-irish-music","tag-live-concert","tag-rapalje","tag-rapalje-show","tag-scottish-music"],"_links":{"self":[{"href":"https:\/\/rapalje.com\/de\/wp-json\/wp\/v2\/posts\/17908","targetHints":{"allow":["GET"]}}],"collection":[{"href":"https:\/\/rapalje.com\/de\/wp-json\/wp\/v2\/posts"}],"about":[{"href":"https:\/\/rapalje.com\/de\/wp-json\/wp\/v2\/types\/post"}],"author":[{"embeddable":true,"href":"https:\/\/rapalje.com\/de\/wp-json\/wp\/v2\/users\/5"}],"replies":[{"embeddable":true,"href":"https:\/\/rapalje.com\/de\/wp-json\/wp\/v2\/comments?post=17908"}],"version-history":[{"count":0,"href":"https:\/\/rapalje.com\/de\/wp-json\/wp\/v2\/posts\/17908\/revisions"}],"wp:attachment":[{"href":"https:\/\/rapalje.com\/de\/wp-json\/?parent=17908"}],"wp:term":[{"taxonomy":"category","embeddable":true,"href":"https:\/\/rapalje.com\/de\/wp-json\/wp\/v2\/categories?post=17908"},{"taxonomy":"post_tag","embeddable":true,"href":"https:\/\/rapalje.com\/de\/wp-json\/wp\/v2\/tags?post=17908"}],"curies":[{"name":"wp","href":"https:\/\/api.w.org\/{rel}","templated":true}]}}