{"id":18452,"date":"2018-07-25T21:25:33","date_gmt":"2018-07-25T19:25:33","guid":{"rendered":"https:\/\/www.rapalje.com\/?p=18452"},"modified":"2018-07-25T21:25:33","modified_gmt":"2018-07-25T19:25:33","slug":"bodypaint-dancers-zomerfolk","status":"publish","type":"post","link":"https:\/\/rapalje.com\/de\/bodypaint-dancers-zomerfolk\/","title":{"rendered":"Video: Bodypaint dancers at Zomerfolk &#8211; Celtic Music &#8211; Butterfly &#8211; Kid on the Mountain"},"content":{"rendered":"<iframe loading=\"lazy\" src=\"https:\/\/www.youtube.com\/embed\/fu7gHZQ7fhw?showinfo=0&amp;modestbranding=1&amp;cc_load_policy=1\" width=\"560\" height=\"315\" frameborder=\"0\"><\/iframe><\/p>\n<h3>Die 6. Ausgabe des Rapalje Zomerfolk Festivals war fantastisch!<\/h3>\n<p>Vielen Dank an alle, die dies m\u00f6glich gemacht haben, wie unsere gro\u00dfartigen Freiwilligen, Aussteller, Caterer, K\u00fcnstler, Familie, Freunde und nat\u00fcrlich euch, unsere Besucher. Wir freuen uns darauf, alle am 15. und 16. Juni 2019 wieder zu sehen!<\/p>\n<p><!--more--><br \/>\n<a href=\"http:\/\/www.rapalje.com\/de\/shop\">RAPALJE MERCHANDISE<\/a><\/p>\n<p><a href=\"https:\/\/www.patreon.com\/rapalje_celtic_folk_music\">UNTERST\u00dcTZE UNS AUF PATREON<\/a><\/p>\n<p>MEHR VON DIESES FESTIVAL"},"excerpt":{"rendered":"<p>Leider ist der Eintrag nur auf English verf\u00fcgbar.<\/p>\n","protected":false},"author":7,"featured_media":18455,"comment_status":"closed","ping_status":"closed","sticky":false,"template":"","format":"video","meta":{"footnotes":""},"categories":[30,33],"tags":[175,218,223,224,225,228,230,240,246,268,425,428,431,443,452,694,923,943,997,999,1113,1163,1209,1216,1291,1303,1305,1306],"class_list":["post-18452","post","type-post","status-publish","format-video","has-post-thumbnail","hentry","category-3-wednesday-video","category-news","tag-bodypaint-dancers","tag-celtic","tag-celtic-fest","tag-celtic-festival","tag-celtic-festival-music","tag-celtic-folk","tag-celtic-folk-music","tag-celtic-folk-songs","tag-celtic-music","tag-celtica","tag-folk","tag-folk-band","tag-folk-band-music","tag-folk-music","tag-folklorico-dancing","tag-kid-on-the-mountain","tag-rapalje","tag-rapalje-festival","tag-rapalje-zomerfolk","tag-rapalje-zomerfolk-festival","tag-stadspark-groningen","tag-the-butterfly","tag-traditional-folk-music","tag-traditional-music","tag-world-music","tag-zomerfolk","tag-zomerfolk-2018","tag-zomerfolk-festival","post_format-post-format-video"],"_links":{"self":[{"href":"https:\/\/rapalje.com\/de\/wp-json\/wp\/v2\/posts\/18452","targetHints":{"allow":["GET"]}}],"collection":[{"href":"https:\/\/rapalje.com\/de\/wp-json\/wp\/v2\/posts"}],"about":[{"href":"https:\/\/rapalje.com\/de\/wp-json\/wp\/v2\/types\/post"}],"author":[{"embeddable":true,"href":"https:\/\/rapalje.com\/de\/wp-json\/wp\/v2\/users\/7"}],"replies":[{"embeddable":true,"href":"https:\/\/rapalje.com\/de\/wp-json\/wp\/v2\/comments?post=18452"}],"version-history":[{"count":0,"href":"https:\/\/rapalje.com\/de\/wp-json\/wp\/v2\/posts\/18452\/revisions"}],"wp:featuredmedia":[{"embeddable":true,"href":"https:\/\/rapalje.com\/de\/wp-json\/"}],"wp:attachment":[{"href":"https:\/\/rapalje.com\/de\/wp-json\/?parent=18452"}],"wp:term":[{"taxonomy":"category","embeddable":true,"href":"https:\/\/rapalje.com\/de\/wp-json\/wp\/v2\/categories?post=18452"},{"taxonomy":"post_tag","embeddable":true,"href":"https:\/\/rapalje.com\/de\/wp-json\/wp\/v2\/tags?post=18452"}],"curies":[{"name":"wp","href":"https:\/\/api.w.org\/{rel}","templated":true}]}}