{"id":30407,"date":"2021-10-27T13:51:39","date_gmt":"2021-10-27T11:51:39","guid":{"rendered":"https:\/\/rapalje.com\/?p=30407"},"modified":"2021-10-27T22:37:50","modified_gmt":"2021-10-27T20:37:50","slug":"em2-celtic-folk-festival-online","status":"publish","type":"post","link":"https:\/\/rapalje.com\/de\/em2-celtic-folk-festival-online\/","title":{"rendered":"EM2 Celtic Folk Festival Auch Online"},"content":{"rendered":"<a href=\"https:\/\/celticfolkfestival.com\/tickets\/\"><img loading=\"lazy\" decoding=\"async\" class=\"alignnone wp-image-30409 size-full\" src=\"https:\/\/rapalje.com\/wp-content\/uploads\/2021\/10\/Online-Groningen-2021.jpg\" alt=\"\" width=\"300\" height=\"400\" srcset=\"https:\/\/rapalje.com\/wp-content\/uploads\/2021\/10\/Online-Groningen-2021.jpg 300w, https:\/\/rapalje.com\/wp-content\/uploads\/2021\/10\/Online-Groningen-2021-225x300.jpg 225w\" sizes=\"auto, (max-width: 300px) 100vw, 300px\" \/><\/a><\/p>\n<p>&nbsp;<\/p>\n<p>Livestream von 18:30 CET<\/p>\n<p>M\u00f6chten Sie unser Celtic Folk Festival \u00fcberall auf der Welt sehen? Wir haben ein spezielles Livestream-Ticket zur Verf\u00fcgung, diesen Freitag, den 29. Oktober, k\u00f6nnt ihr mit uns tolle Jigs und Reels erleben, wo immer ihr seid!<\/p>\n<p>Holen Sie sich <a href=\"https:\/\/celticfolkfestival.com\/tickets\/\">hier<\/a> das spezielle Online-Ticket f\u00fcr das Celtic Folk Festival, erste Band auf der B\u00fchne um 18:30 CET<\/p>\n<p><a href=\"https:\/\/celticfolkfestival.com\/tickets\/\"><img loading=\"lazy\" decoding=\"async\" class=\"alignnone wp-image-30398 size-large\" src=\"https:\/\/rapalje.com\/wp-content\/uploads\/2021\/10\/Tijdschema2021-1-724x1024.jpg\" alt=\"\" width=\"640\" height=\"905\" srcset=\"https:\/\/rapalje.com\/wp-content\/uploads\/2021\/10\/Tijdschema2021-1-724x1024.jpg 724w, https:\/\/rapalje.com\/wp-content\/uploads\/2021\/10\/Tijdschema2021-1-212x300.jpg 212w, https:\/\/rapalje.com\/wp-content\/uploads\/2021\/10\/Tijdschema2021-1-768x1086.jpg 768w, https:\/\/rapalje.com\/wp-content\/uploads\/2021\/10\/Tijdschema2021-1-600x848.jpg 600w, https:\/\/rapalje.com\/wp-content\/uploads\/2021\/10\/Tijdschema2021-1.jpg 1000w\" sizes=\"auto, (max-width: 640px) 100vw, 640px\" \/><\/a>"},"excerpt":{"rendered":"<p>&nbsp; Livestream von 18:30 CET M\u00f6chten Sie unser Celtic Folk Festival \u00fcberall auf der Welt sehen? Wir haben ein spezielles Livestream-Ticket zur Verf\u00fcgung, diesen Freitag, den 29. Oktober, k\u00f6nnt ihr [&hellip;]<\/p>\n","protected":false},"author":5,"featured_media":0,"comment_status":"closed","ping_status":"closed","sticky":false,"template":"","format":"standard","meta":{"footnotes":""},"categories":[33],"tags":[],"class_list":["post-30407","post","type-post","status-publish","format-standard","hentry","category-news"],"_links":{"self":[{"href":"https:\/\/rapalje.com\/de\/wp-json\/wp\/v2\/posts\/30407","targetHints":{"allow":["GET"]}}],"collection":[{"href":"https:\/\/rapalje.com\/de\/wp-json\/wp\/v2\/posts"}],"about":[{"href":"https:\/\/rapalje.com\/de\/wp-json\/wp\/v2\/types\/post"}],"author":[{"embeddable":true,"href":"https:\/\/rapalje.com\/de\/wp-json\/wp\/v2\/users\/5"}],"replies":[{"embeddable":true,"href":"https:\/\/rapalje.com\/de\/wp-json\/wp\/v2\/comments?post=30407"}],"version-history":[{"count":0,"href":"https:\/\/rapalje.com\/de\/wp-json\/wp\/v2\/posts\/30407\/revisions"}],"wp:attachment":[{"href":"https:\/\/rapalje.com\/de\/wp-json\/?parent=30407"}],"wp:term":[{"taxonomy":"category","embeddable":true,"href":"https:\/\/rapalje.com\/de\/wp-json\/wp\/v2\/categories?post=30407"},{"taxonomy":"post_tag","embeddable":true,"href":"https:\/\/rapalje.com\/de\/wp-json\/wp\/v2\/tags?post=30407"}],"curies":[{"name":"wp","href":"https:\/\/api.w.org\/{rel}","templated":true}]}}