{"id":30479,"date":"2021-11-30T14:52:55","date_gmt":"2021-11-30T13:52:55","guid":{"rendered":"https:\/\/rapalje.com\/?p=30479"},"modified":"2021-12-16T15:16:59","modified_gmt":"2021-12-16T14:16:59","slug":"kerst-into-folk-livestream","status":"publish","type":"post","link":"https:\/\/rapalje.com\/de\/kerst-into-folk-livestream\/","title":{"rendered":"Weihnacht Into Folk Livestream"},"content":{"rendered":"<a href=\"https:\/\/rapalje.com\/stream\/\"><img loading=\"lazy\" decoding=\"async\" class=\"alignnone size-large wp-image-27770\" src=\"https:\/\/rapalje.com\/wp-content\/uploads\/2020\/08\/Rapalje-2-scaled-1-1024x681.jpe\" alt=\"\" width=\"640\" height=\"426\" srcset=\"https:\/\/rapalje.com\/wp-content\/uploads\/2020\/08\/Rapalje-2-scaled-1-1024x681.jpe 1024w, https:\/\/rapalje.com\/wp-content\/uploads\/2020\/08\/Rapalje-2-scaled-1-300x199.jpe 300w, https:\/\/rapalje.com\/wp-content\/uploads\/2020\/08\/Rapalje-2-scaled-1-768x511.jpe 768w, https:\/\/rapalje.com\/wp-content\/uploads\/2020\/08\/Rapalje-2-scaled-1-150x100.jpe 150w, https:\/\/rapalje.com\/wp-content\/uploads\/2020\/08\/Rapalje-2-scaled-1-200x133.jpe 200w, https:\/\/rapalje.com\/wp-content\/uploads\/2020\/08\/Rapalje-2-scaled-1-250x166.jpe 250w, https:\/\/rapalje.com\/wp-content\/uploads\/2020\/08\/Rapalje-2-scaled-1-1536x1021.jpe 1536w, https:\/\/rapalje.com\/wp-content\/uploads\/2020\/08\/Rapalje-2-scaled-1-2048x1362.jpe 2048w, https:\/\/rapalje.com\/wp-content\/uploads\/2020\/08\/Rapalje-2-scaled-1-600x399.jpe 600w\" sizes=\"auto, (max-width: 640px) 100vw, 640px\" \/><\/a><\/p>\n<p>Am Samstag, den 18. Dezember um 15:00 Uhr k\u00f6nnen Sie es in der sch\u00f6nsten mittelalterlichen Krippe des Archeon, Rapalje, in weihnachtlicher Atmosph\u00e4re live erleben! Wir werden wieder einen Livestream machen und daraus eine besondere Weihnachtssendung machen, live im Archeon. Bist du in der N\u00e4he? Kommen Sie vorbei und h\u00f6ren Sie zu.<\/p>\n<p>Haben Sie Anfragenummern? Hier ein kleiner Einblick aus der alten Photo Kiste!<\/p>\n<p>Wir hoffen, Sie am Samstag, 18.12., 15:00 Uhr live zu sehen.<\/p>\n<p>Live on on <a href=\"https:\/\/www.facebook.com\/rapalje\">Facebook<\/a>, <a href=\"https:\/\/www.youtube.com\/user\/rapaljemaceal\">YouTube<\/a> and our <a href=\"https:\/\/rapalje.com\/nl\/stream\/\">website<\/a><\/p>\n<p>&nbsp;"},"excerpt":{"rendered":"<p>Am Samstag, den 18. Dezember um 15:00 Uhr k\u00f6nnen Sie es in der sch\u00f6nsten mittelalterlichen Krippe des Archeon, Rapalje, in weihnachtlicher Atmosph\u00e4re live erleben! Wir werden wieder einen Livestream machen [&hellip;]<\/p>\n","protected":false},"author":5,"featured_media":0,"comment_status":"closed","ping_status":"closed","sticky":false,"template":"","format":"standard","meta":{"footnotes":""},"categories":[33],"tags":[],"class_list":["post-30479","post","type-post","status-publish","format-standard","hentry","category-news"],"_links":{"self":[{"href":"https:\/\/rapalje.com\/de\/wp-json\/wp\/v2\/posts\/30479","targetHints":{"allow":["GET"]}}],"collection":[{"href":"https:\/\/rapalje.com\/de\/wp-json\/wp\/v2\/posts"}],"about":[{"href":"https:\/\/rapalje.com\/de\/wp-json\/wp\/v2\/types\/post"}],"author":[{"embeddable":true,"href":"https:\/\/rapalje.com\/de\/wp-json\/wp\/v2\/users\/5"}],"replies":[{"embeddable":true,"href":"https:\/\/rapalje.com\/de\/wp-json\/wp\/v2\/comments?post=30479"}],"version-history":[{"count":0,"href":"https:\/\/rapalje.com\/de\/wp-json\/wp\/v2\/posts\/30479\/revisions"}],"wp:attachment":[{"href":"https:\/\/rapalje.com\/de\/wp-json\/?parent=30479"}],"wp:term":[{"taxonomy":"category","embeddable":true,"href":"https:\/\/rapalje.com\/de\/wp-json\/wp\/v2\/categories?post=30479"},{"taxonomy":"post_tag","embeddable":true,"href":"https:\/\/rapalje.com\/de\/wp-json\/wp\/v2\/tags?post=30479"}],"curies":[{"name":"wp","href":"https:\/\/api.w.org\/{rel}","templated":true}]}}