{"id":9054,"date":"2017-08-27T15:10:56","date_gmt":"2017-08-27T13:10:56","guid":{"rendered":"http:\/\/www.rapalje.com\/?p=9054"},"modified":"2017-08-27T15:10:56","modified_gmt":"2017-08-27T13:10:56","slug":"going-home","status":"publish","type":"post","link":"https:\/\/rapalje.com\/de\/going-home\/","title":{"rendered":"Video: Going Home from Brazil to The Netherlands &#8211; Rapalje show 24"},"content":{"rendered":"<h3><iframe loading=\"lazy\" src=\"https:\/\/www.youtube.com\/embed\/XCKaLtvIw8Q?showinfo=0&amp;modestbranding=1&amp;cc_load_policy=1\" width=\"560\" height=\"315\" frameborder=\"0\"><\/iframe><br \/>\nWillkommen zum letzten Teil unseres Brasilien Specials: Teil f\u00fcnf.<\/h3>\n<p>In diesem Video ist auch Dieb dabei. Wir sprechen \u00fcber unsere R\u00fcckreise zur\u00fcck in die Niederlande, auf der wir trotz der 38 Stunden Reisezeit viel Spa\u00df hatten.<\/p>\n<p><a href=\"https:\/\/www.youtube.com\/playlist?list=PLHVJNG60X_KMJf5MdT8y664pMUkM1DOTV\">Neue Rapalje Show Folgen:<\/a><\/p>\n<p>https:\/\/www.youtube.com\/playlist?list=PLHVJNG60X_KMJf5MdT8y664pMUkM1DOTV"},"excerpt":{"rendered":"<p>Willkommen zum letzten Teil unseres Brasilien Specials: Teil f\u00fcnf. In diesem Video ist auch Dieb dabei. Wir sprechen \u00fcber unsere R\u00fcckreise zur\u00fcck in die Niederlande, auf der wir trotz der [&hellip;]<\/p>\n","protected":false},"author":7,"featured_media":10735,"comment_status":"closed","ping_status":"closed","sticky":false,"template":"","format":"standard","meta":{"footnotes":""},"categories":[27,33],"tags":[186,187,218,223,228,230,246,256,268,425,428,443,487,731,848,849,851,923,930,931,978,982,1191,1209,1216,1291],"class_list":["post-9054","post","type-post","status-publish","format-standard","has-post-thumbnail","hentry","category-0-rapalje-show","category-news","tag-brazil","tag-brazil-tour","tag-celtic","tag-celtic-fest","tag-celtic-folk","tag-celtic-folk-music","tag-celtic-music","tag-celtic-music-live","tag-celtica","tag-folk","tag-folk-band","tag-folk-music","tag-going-home","tag-live-concert","tag-odins-krieger","tag-odins-krieger-festival","tag-odins-krieger-fest","tag-rapalje","tag-rapalje-brazil","tag-rapalje-brazil-tour","tag-rapalje-show","tag-rapalje-showtime","tag-the-rapalje-show","tag-traditional-folk-music","tag-traditional-music","tag-world-music"],"_links":{"self":[{"href":"https:\/\/rapalje.com\/de\/wp-json\/wp\/v2\/posts\/9054","targetHints":{"allow":["GET"]}}],"collection":[{"href":"https:\/\/rapalje.com\/de\/wp-json\/wp\/v2\/posts"}],"about":[{"href":"https:\/\/rapalje.com\/de\/wp-json\/wp\/v2\/types\/post"}],"author":[{"embeddable":true,"href":"https:\/\/rapalje.com\/de\/wp-json\/wp\/v2\/users\/7"}],"replies":[{"embeddable":true,"href":"https:\/\/rapalje.com\/de\/wp-json\/wp\/v2\/comments?post=9054"}],"version-history":[{"count":0,"href":"https:\/\/rapalje.com\/de\/wp-json\/wp\/v2\/posts\/9054\/revisions"}],"wp:featuredmedia":[{"embeddable":true,"href":"https:\/\/rapalje.com\/de\/wp-json\/"}],"wp:attachment":[{"href":"https:\/\/rapalje.com\/de\/wp-json\/?parent=9054"}],"wp:term":[{"taxonomy":"category","embeddable":true,"href":"https:\/\/rapalje.com\/de\/wp-json\/wp\/v2\/categories?post=9054"},{"taxonomy":"post_tag","embeddable":true,"href":"https:\/\/rapalje.com\/de\/wp-json\/wp\/v2\/tags?post=9054"}],"curies":[{"name":"wp","href":"https:\/\/api.w.org\/{rel}","templated":true}]}}