{"id":24275,"date":"2020-01-12T12:35:48","date_gmt":"2020-01-12T11:35:48","guid":{"rendered":"https:\/\/rapalje.com\/?p=24275"},"modified":"2020-01-12T14:52:01","modified_gmt":"2020-01-12T13:52:01","slug":"deutsch-celtic-folk-night-kirchhatten","status":"publish","type":"post","link":"https:\/\/rapalje.com\/nl\/deutsch-celtic-folk-night-kirchhatten\/","title":{"rendered":"Celtic Folk Night Kirchhatten"},"content":{"rendered":"<img loading=\"lazy\" decoding=\"async\" class=\"alignnone wp-image-24276 size-large\" src=\"https:\/\/rapalje.com\/wp-content\/uploads\/2020\/01\/15304226_1320095428032010_778299438560210491_o-1024x682.jpg\" alt=\"\" width=\"640\" height=\"426\" srcset=\"https:\/\/rapalje.com\/wp-content\/uploads\/2020\/01\/15304226_1320095428032010_778299438560210491_o-1024x682.jpg 1024w, https:\/\/rapalje.com\/wp-content\/uploads\/2020\/01\/15304226_1320095428032010_778299438560210491_o-300x200.jpg 300w, https:\/\/rapalje.com\/wp-content\/uploads\/2020\/01\/15304226_1320095428032010_778299438560210491_o-768x512.jpg 768w, https:\/\/rapalje.com\/wp-content\/uploads\/2020\/01\/15304226_1320095428032010_778299438560210491_o-150x100.jpg 150w, https:\/\/rapalje.com\/wp-content\/uploads\/2020\/01\/15304226_1320095428032010_778299438560210491_o-200x133.jpg 200w, https:\/\/rapalje.com\/wp-content\/uploads\/2020\/01\/15304226_1320095428032010_778299438560210491_o-250x166.jpg 250w, https:\/\/rapalje.com\/wp-content\/uploads\/2020\/01\/15304226_1320095428032010_778299438560210491_o-600x400.jpg 600w, https:\/\/rapalje.com\/wp-content\/uploads\/2020\/01\/15304226_1320095428032010_778299438560210491_o.jpg 1027w\" sizes=\"auto, (max-width: 640px) 100vw, 640px\" \/><\/p>\n<p>25 Jahre Rapalje feiern wir am 24. Januar in Kirchhatten w\u00e4hrend der Celtic Folk Night!<\/p>\n<p>Dieses Jahr ist Rapalje 25 Jahre zusammen und wir feiern das mit euch! W\u00e4hrend unserer Auftritte nehmen wir du mit auf eine musikalische Reise durch das schottische Hochland, die irischen Ebenen, Pubs und Tavernen. F\u00fcr den Fan ein absolutes Muss und f\u00fcr diejenigen, die uns noch nicht kennen, zweifellos die Entdeckung des Jahres. G\u00f6nnest du sich ein einzigartiges Erlebnis und einen wundervollen Abend und h\u00f6rst du sich wundersch\u00f6ne Baladen an, tanze zu aufregenden Jigs und Reels und Toast sich auf Leben!<\/p>\n<p>Tickets sind vor Ort erh\u00e4ltlich."},"excerpt":{"rendered":"<p>25 Jahre Rapalje feiern wir am 24. Januar in Kirchhatten w\u00e4hrend der Celtic Folk Night! Dieses Jahr ist Rapalje 25 Jahre zusammen und wir feiern das mit euch! W\u00e4hrend unserer [&hellip;]<\/p>\n","protected":false},"author":7,"featured_media":0,"comment_status":"closed","ping_status":"closed","sticky":false,"template":"","format":"standard","meta":{"footnotes":""},"categories":[1],"tags":[],"class_list":["post-24275","post","type-post","status-publish","format-standard","hentry","category-uncategorised"],"_links":{"self":[{"href":"https:\/\/rapalje.com\/nl\/wp-json\/wp\/v2\/posts\/24275","targetHints":{"allow":["GET"]}}],"collection":[{"href":"https:\/\/rapalje.com\/nl\/wp-json\/wp\/v2\/posts"}],"about":[{"href":"https:\/\/rapalje.com\/nl\/wp-json\/wp\/v2\/types\/post"}],"author":[{"embeddable":true,"href":"https:\/\/rapalje.com\/nl\/wp-json\/wp\/v2\/users\/7"}],"replies":[{"embeddable":true,"href":"https:\/\/rapalje.com\/nl\/wp-json\/wp\/v2\/comments?post=24275"}],"version-history":[{"count":0,"href":"https:\/\/rapalje.com\/nl\/wp-json\/wp\/v2\/posts\/24275\/revisions"}],"wp:attachment":[{"href":"https:\/\/rapalje.com\/nl\/wp-json\/?parent=24275"}],"wp:term":[{"taxonomy":"category","embeddable":true,"href":"https:\/\/rapalje.com\/nl\/wp-json\/wp\/v2\/categories?post=24275"},{"taxonomy":"post_tag","embeddable":true,"href":"https:\/\/rapalje.com\/nl\/wp-json\/wp\/v2\/tags?post=24275"}],"curies":[{"name":"wp","href":"https:\/\/api.w.org\/{rel}","templated":true}]}}